{"id":8101,"date":"2023-05-30T19:09:01","date_gmt":"2023-05-30T17:09:01","guid":{"rendered":"https:\/\/gillesleport-ceramiquesanciennes.fr\/?p=8101"},"modified":"2023-10-06T21:34:09","modified_gmt":"2023-10-06T19:34:09","slug":"pont-aux-choux-xviiieme-35-2","status":"publish","type":"post","link":"https:\/\/gillesleport-ceramiquesanciennes.fr\/?p=8101","title":{"rendered":"Pont aux Choux XVIIIeme (35)"},"content":{"rendered":"\n<p>Rafraichissoir \u00e0 verre hauteur 13,00 cm<\/p>\n\n\n\n<p>Une poign\u00e9e refaite et 2 f\u00eales<\/p>\n\n\n\n<figure class=\"wp-block-image size-large\"><a href=\"https:\/\/gillesleport-ceramiquesanciennes.fr\/wp-content\/uploads\/2023\/05\/395-scaled.jpg\"><img decoding=\"async\" loading=\"lazy\" width=\"1024\" height=\"837\" src=\"https:\/\/gillesleport-ceramiquesanciennes.fr\/wp-content\/uploads\/2023\/05\/395-1024x837.jpg\" alt=\"\" class=\"wp-image-8102\" srcset=\"https:\/\/gillesleport-ceramiquesanciennes.fr\/wp-content\/uploads\/2023\/05\/395-1024x837.jpg 1024w, https:\/\/gillesleport-ceramiquesanciennes.fr\/wp-content\/uploads\/2023\/05\/395-300x245.jpg 300w, https:\/\/gillesleport-ceramiquesanciennes.fr\/wp-content\/uploads\/2023\/05\/395-768x628.jpg 768w, https:\/\/gillesleport-ceramiquesanciennes.fr\/wp-content\/uploads\/2023\/05\/395-1536x1255.jpg 1536w, https:\/\/gillesleport-ceramiquesanciennes.fr\/wp-content\/uploads\/2023\/05\/395-2048x1674.jpg 2048w\" sizes=\"(max-width: 1024px) 100vw, 1024px\" \/><\/a><\/figure>\n\n\n\n<p> <\/p>\n\n\n\n<figure class=\"wp-block-image size-large\"><a href=\"https:\/\/gillesleport-ceramiquesanciennes.fr\/wp-content\/uploads\/2023\/05\/395a-scaled.jpg\"><img decoding=\"async\" loading=\"lazy\" width=\"992\" height=\"1024\" src=\"https:\/\/gillesleport-ceramiquesanciennes.fr\/wp-content\/uploads\/2023\/05\/395a-992x1024.jpg\" alt=\"\" class=\"wp-image-8103\" srcset=\"https:\/\/gillesleport-ceramiquesanciennes.fr\/wp-content\/uploads\/2023\/05\/395a-992x1024.jpg 992w, https:\/\/gillesleport-ceramiquesanciennes.fr\/wp-content\/uploads\/2023\/05\/395a-291x300.jpg 291w, https:\/\/gillesleport-ceramiquesanciennes.fr\/wp-content\/uploads\/2023\/05\/395a-768x792.jpg 768w, https:\/\/gillesleport-ceramiquesanciennes.fr\/wp-content\/uploads\/2023\/05\/395a-1489x1536.jpg 1489w, https:\/\/gillesleport-ceramiquesanciennes.fr\/wp-content\/uploads\/2023\/05\/395a-1985x2048.jpg 1985w\" sizes=\"(max-width: 992px) 100vw, 992px\" \/><\/a><\/figure>\n\n\n\n<figure class=\"wp-block-image size-large\"><a href=\"https:\/\/gillesleport-ceramiquesanciennes.fr\/wp-content\/uploads\/2023\/05\/395b-scaled.jpg\"><img decoding=\"async\" loading=\"lazy\" width=\"1024\" height=\"891\" src=\"https:\/\/gillesleport-ceramiquesanciennes.fr\/wp-content\/uploads\/2023\/05\/395b-1024x891.jpg\" alt=\"\" class=\"wp-image-8104\" srcset=\"https:\/\/gillesleport-ceramiquesanciennes.fr\/wp-content\/uploads\/2023\/05\/395b-1024x891.jpg 1024w, https:\/\/gillesleport-ceramiquesanciennes.fr\/wp-content\/uploads\/2023\/05\/395b-300x261.jpg 300w, https:\/\/gillesleport-ceramiquesanciennes.fr\/wp-content\/uploads\/2023\/05\/395b-768x668.jpg 768w, https:\/\/gillesleport-ceramiquesanciennes.fr\/wp-content\/uploads\/2023\/05\/395b-1536x1337.jpg 1536w, https:\/\/gillesleport-ceramiquesanciennes.fr\/wp-content\/uploads\/2023\/05\/395b-2048x1782.jpg 2048w\" sizes=\"(max-width: 1024px) 100vw, 1024px\" \/><\/a><\/figure>\n\n\n\n<figure class=\"wp-block-image size-large\"><a href=\"https:\/\/gillesleport-ceramiquesanciennes.fr\/wp-content\/uploads\/2023\/05\/395c.jpg\"><img decoding=\"async\" loading=\"lazy\" width=\"1024\" height=\"703\" src=\"https:\/\/gillesleport-ceramiquesanciennes.fr\/wp-content\/uploads\/2023\/05\/395c-1024x703.jpg\" alt=\"\" class=\"wp-image-8105\" srcset=\"https:\/\/gillesleport-ceramiquesanciennes.fr\/wp-content\/uploads\/2023\/05\/395c-1024x703.jpg 1024w, https:\/\/gillesleport-ceramiquesanciennes.fr\/wp-content\/uploads\/2023\/05\/395c-300x206.jpg 300w, https:\/\/gillesleport-ceramiquesanciennes.fr\/wp-content\/uploads\/2023\/05\/395c-768x527.jpg 768w, https:\/\/gillesleport-ceramiquesanciennes.fr\/wp-content\/uploads\/2023\/05\/395c-1536x1054.jpg 1536w, https:\/\/gillesleport-ceramiquesanciennes.fr\/wp-content\/uploads\/2023\/05\/395c.jpg 1763w\" sizes=\"(max-width: 1024px) 100vw, 1024px\" \/><\/a><\/figure>\n\n\n\n<p>n\u00b0 395<\/p>\n","protected":false},"excerpt":{"rendered":"<p>Rafraichissoir \u00e0 verre hauteur 13,00 cm Une poign\u00e9e refaite et 2 f\u00eales n\u00b0 395<\/p>\n","protected":false},"author":1,"featured_media":8102,"comment_status":"closed","ping_status":"","sticky":false,"template":"","format":"standard","meta":[],"categories":[1],"tags":[],"_links":{"self":[{"href":"https:\/\/gillesleport-ceramiquesanciennes.fr\/index.php?rest_route=\/wp\/v2\/posts\/8101"}],"collection":[{"href":"https:\/\/gillesleport-ceramiquesanciennes.fr\/index.php?rest_route=\/wp\/v2\/posts"}],"about":[{"href":"https:\/\/gillesleport-ceramiquesanciennes.fr\/index.php?rest_route=\/wp\/v2\/types\/post"}],"author":[{"embeddable":true,"href":"https:\/\/gillesleport-ceramiquesanciennes.fr\/index.php?rest_route=\/wp\/v2\/users\/1"}],"replies":[{"embeddable":true,"href":"https:\/\/gillesleport-ceramiquesanciennes.fr\/index.php?rest_route=%2Fwp%2Fv2%2Fcomments&post=8101"}],"version-history":[{"count":3,"href":"https:\/\/gillesleport-ceramiquesanciennes.fr\/index.php?rest_route=\/wp\/v2\/posts\/8101\/revisions"}],"predecessor-version":[{"id":8677,"href":"https:\/\/gillesleport-ceramiquesanciennes.fr\/index.php?rest_route=\/wp\/v2\/posts\/8101\/revisions\/8677"}],"wp:featuredmedia":[{"embeddable":true,"href":"https:\/\/gillesleport-ceramiquesanciennes.fr\/index.php?rest_route=\/wp\/v2\/media\/8102"}],"wp:attachment":[{"href":"https:\/\/gillesleport-ceramiquesanciennes.fr\/index.php?rest_route=%2Fwp%2Fv2%2Fmedia&parent=8101"}],"wp:term":[{"taxonomy":"category","embeddable":true,"href":"https:\/\/gillesleport-ceramiquesanciennes.fr\/index.php?rest_route=%2Fwp%2Fv2%2Fcategories&post=8101"},{"taxonomy":"post_tag","embeddable":true,"href":"https:\/\/gillesleport-ceramiquesanciennes.fr\/index.php?rest_route=%2Fwp%2Fv2%2Ftags&post=8101"}],"curies":[{"name":"wp","href":"https:\/\/api.w.org\/{rel}","templated":true}]}}